{"id":24420,"date":"2017-05-03T21:49:16","date_gmt":"2017-05-03T18:49:16","guid":{"rendered":"http:\/\/dimarif.com\/?p=24420"},"modified":"2017-05-03T21:49:16","modified_gmt":"2017-05-03T18:49:16","slug":"una-turba-apedrea-y-abuchea-a-un-judio-en-marruecos-por-su-confesion-religiosa","status":"publish","type":"post","link":"https:\/\/dimarif.com\/?p=24420","title":{"rendered":"Una turba apedrea y abuchea a un jud\u00edo en Marruecos por su confesi\u00f3n religiosa"},"content":{"rendered":"<div class=\"post-header\">\n<h1 class=\"entry-title\"><a class=\"author url fn\" title=\"Entradas por Tania Costa\" href=\"http:\/\/elfarodemelilla.es\/author\/taniacosta\/\" rel=\"author\">Tania Costa<\/a> | <span class=\"updated\">02\/05\/2017<\/span> | <a href=\"http:\/\/elfarodemelilla.es\/secciones\/noticias\/sucesos-y-seguridad\/\" rel=\"tag\">Sucesos y Seguridad<\/a> | <a class=\"comments-link\" href=\"http:\/\/elfarodemelilla.es\/2017\/05\/02\/una-turba-apedrea-abuchea-judio-marruecos-confesion-religiosa\/#comments\">0 <\/a> |<\/h1>\n<div class=\"post-meta\"><\/div>\n<\/div>\n<div class=\"post-thumbnail header\"><\/div>\n<div class=\"post-wrap\">\n<div class=\"post-content entry-content\">\n<ul>\n<li>\n<h3>El agredido es el artista Abdel Ali Errahmani, vinculado a Melilla. Ocurri\u00f3 el s\u00e1bado en Segangan<\/h3>\n<\/li>\n<\/ul>\n<p>Un grupo de j\u00f3venes marroqu\u00edes apedre\u00f3 y abuche\u00f3 el pasado s\u00e1bado en Segangan a un compatriota suyo jud\u00edo. En el ataque le recriminaron sus creencias religiosas.<\/p>\n<p>La v\u00edctima es el artista Abdel Ali Errahmani, que mantiene un estrecho lazo con Melilla, donde le hemos visto participar en programas de televisi\u00f3n y radio o en conferencias.<\/p>\n<p>Seg\u00fan la versi\u00f3n de Ali Errahmani, todo ocurri\u00f3 el pasado s\u00e1bado sobre las 13:10 horas, cuando \u00e9l sal\u00eda de su casa hacia su trabajo, donde ense\u00f1a m\u00fasica. Fue entonces cuando un grupo de j\u00f3venes, agazapados en una casa en construcci\u00f3n empez\u00f3 a gritarle. En un principio, no le dio importancia. \u201cPens\u00e9 que estaban gritando sin m\u00e1s\u201d. Sin embargo, uno de ellos se dirigi\u00f3 directamente a \u00e9l y le pregunt\u00f3 a bocajarro: \u201cOye, \u00bft\u00fa crees en Dios?\u201d<\/p>\n<p>\u201cLa pregunta me sorprendi\u00f3 y no quise responderle\u201d. Ellos s\u00ed contestaron con una lluvia de piedras. \u201cLas lanzaban por todos lados. No sab\u00eda qu\u00e9 hacer. Hu\u00ed y me refugi\u00e9 en una tienda\u201d, comenta a El\u2008Faro.<\/p>\n<p>No es la primera vez que Ali Errahmani es atacado en Marruecos por su condici\u00f3n de hebreo. \u201cSiempre recibo amenazas e insultos por mi religi\u00f3n.\u2008Incluso me rechazaron en un trabajo por ser jud\u00edo\u201d, se\u00f1ala.<\/p>\n<p>Las amenazas son continuas en p\u00e1ginas web de Nador donde, como ha podido comprobar El Faro, le llaman \u201ctraidor\u201d, \u201csionista\u201d, le reprochan que \u201cenga\u00f1e a sus hermanos palestinos\u201d y le aconsejan que vuelva al camino y deje \u201ca esa gente falsa porque para ellos \u00e9l vale menos que un animal\u201d.<\/p>\n<p>Ali Errahmani tambi\u00e9n ha tenido que soportar que en las redes sociales le llamen \u201cterrorista sionista\u201d y que nieguen que sea rife\u00f1o y jud\u00edo a la vez.<\/p>\n<h4>El acoso a un artista hebreo en Segangan<\/h4>\n<p>Abdel Ali Errahmani, el ciudadano marroqu\u00ed de confesi\u00f3n hebrea agredido el s\u00e1bado en Segangan, es presidente de la Asociaci\u00f3n Arte y Cultura y ex secretario general de la Asociaci\u00f3n Amigos de la M\u00fasica. En Marruecos imparte clases de m\u00fasica, idiomas y arte y es miembro activo de la sociedad civil nadorense.<\/p>\n<p>Seg\u00fan ha explicado a El Faro, el jueves pasado organiz\u00f3 un concierto por la paz, la tolerancia y la convivencia en el que se reconoci\u00f3 la labor de personalidades de Melilla.<\/p>\n<p>Ali Errahmani asegura que mantiene contactos con la asociaci\u00f3n melillense Mem Gu\u00edmel y el Foro Filos\u00f3fico de la ciudad. Tambi\u00e9n ha colaborado con Televisi\u00f3n Melilla. Adem\u00e1s es guitarrista y pintor y trabaja por el intercambio cultural entre Melilla y Nador.<\/p>\n<\/div>\n<\/div>\n","protected":false},"excerpt":{"rendered":"<p>Tania Costa | 02\/05\/2017 | Sucesos y Seguridad | 0 | El agredido es el artista Abdel Ali Errahmani, vinculado a Melilla. Ocurri\u00f3 el s\u00e1bado en Segangan Un grupo de j\u00f3venes marroqu\u00edes apedre\u00f3 y abuche\u00f3 el pasado s\u00e1bado en Segangan a un compatriota suyo jud\u00edo. En el ataque le recriminaron sus creencias religiosas. La v\u00edctima [&hellip;]<\/p>\n","protected":false},"author":2,"featured_media":24421,"comment_status":"open","ping_status":"open","sticky":false,"template":"","format":"standard","meta":{"footnotes":""},"categories":[4,1,2],"tags":[],"class_list":["post-24420","post","type-post","status-publish","format-standard","has-post-thumbnail","hentry","category-4","category-1","category-2"],"aioseo_notices":[],"aioseo_head":"\n\t\t<!-- All in One SEO 5.0.1.1 - aioseo.com -->\n\t<meta name=\"robots\" content=\"max-image-preview:large\" \/>\n\t<meta name=\"author\" content=\"dimarif\"\/>\n\t<link rel=\"canonical\" href=\"https:\/\/dimarif.com\/?p=24420\" \/>\n\t<meta name=\"generator\" content=\"All in One SEO (AIOSEO) 5.0.1.1\" \/>\n\t\t<meta property=\"og:locale\" content=\"ar_AR\" \/>\n\t\t<meta property=\"og:site_name\" content=\"| \u0646\u0628\u0636 \u0627\u0644\u062e\u0628\u0631... \u0639\u0644\u0649 \u0645\u062f\u0627\u0631 \u0627\u0644\u0633\u0627\u0639\u0629\" \/>\n\t\t<meta property=\"og:type\" content=\"article\" \/>\n\t\t<meta property=\"og:title\" content=\"Una turba apedrea y abuchea a un jud\u00edo en Marruecos por su confesi\u00f3n religiosa |\" \/>\n\t\t<meta property=\"og:url\" content=\"https:\/\/dimarif.com\/?p=24420\" \/>\n\t\t<meta property=\"og:image\" content=\"https:\/\/dimarif.com\/wp-content\/uploads\/-000\/\/1\/WhatsApp-Image-2017-05-01-at-16.20.00.jpeg\" \/>\n\t\t<meta property=\"og:image:secure_url\" content=\"https:\/\/dimarif.com\/wp-content\/uploads\/-000\/\/1\/WhatsApp-Image-2017-05-01-at-16.20.00.jpeg\" \/>\n\t\t<meta property=\"og:image:width\" content=\"1280\" \/>\n\t\t<meta property=\"og:image:height\" content=\"960\" \/>\n\t\t<meta property=\"article:published_time\" content=\"2017-05-03T18:49:16+00:00\" \/>\n\t\t<meta property=\"article:modified_time\" content=\"2017-05-03T18:49:16+00:00\" \/>\n\t\t<meta name=\"twitter:card\" content=\"summary\" \/>\n\t\t<meta name=\"twitter:title\" content=\"Una turba apedrea y abuchea a un jud\u00edo en Marruecos por su confesi\u00f3n religiosa |\" \/>\n\t\t<meta name=\"twitter:image\" content=\"https:\/\/dimarif.com\/wp-content\/uploads\/-000\/\/1\/WhatsApp-Image-2017-05-01-at-16.20.00.jpeg\" \/>\n\t\t<script type=\"application\/ld+json\" class=\"aioseo-schema\">\n\t\t\t{\"@context\":\"https:\\\/\\\/schema.org\",\"@graph\":[{\"@type\":\"BlogPosting\",\"@id\":\"https:\\\/\\\/dimarif.com\\\/?p=24420#blogposting\",\"name\":\"Una turba apedrea y abuchea a un jud\\u00edo en Marruecos por su confesi\\u00f3n religiosa |\",\"headline\":\"Una turba apedrea y abuchea a un jud\\u00edo en Marruecos por su confesi\\u00f3n religiosa\",\"author\":{\"@id\":\"https:\\\/\\\/dimarif.com\\\/?author=2#author\"},\"publisher\":{\"@id\":\"https:\\\/\\\/dimarif.com\\\/#organization\"},\"image\":{\"@type\":\"ImageObject\",\"url\":\"https:\\\/\\\/dimarif.com\\\/wp-content\\\/uploads\\\/-000\\\/\\\/1\\\/WhatsApp-Image-2017-05-01-at-16.20.00.jpeg\",\"width\":1280,\"height\":960},\"datePublished\":\"2017-05-03T21:49:16+03:00\",\"dateModified\":\"2017-05-03T21:49:16+03:00\",\"inLanguage\":\"ar\",\"mainEntityOfPage\":{\"@id\":\"https:\\\/\\\/dimarif.com\\\/?p=24420#webpage\"},\"isPartOf\":{\"@id\":\"https:\\\/\\\/dimarif.com\\\/?p=24420#webpage\"},\"articleSection\":\"\\u0633\\u064a\\u0627\\u0633\\u064a\\u0629, \\u0645\\u062d\\u0644\\u064a\\u0629, \\u0648\\u0637\\u0646\\u064a\\u0629\"},{\"@type\":\"BreadcrumbList\",\"@id\":\"https:\\\/\\\/dimarif.com\\\/?p=24420#breadcrumblist\",\"itemListElement\":[{\"@type\":\"ListItem\",\"@id\":\"https:\\\/\\\/dimarif.com#listItem\",\"position\":1,\"name\":\"Home\",\"item\":\"https:\\\/\\\/dimarif.com\",\"nextItem\":{\"@type\":\"ListItem\",\"@id\":\"https:\\\/\\\/dimarif.com\\\/?cat=1#listItem\",\"name\":\"\\u0645\\u062d\\u0644\\u064a\\u0629\"}},{\"@type\":\"ListItem\",\"@id\":\"https:\\\/\\\/dimarif.com\\\/?cat=1#listItem\",\"position\":2,\"name\":\"\\u0645\\u062d\\u0644\\u064a\\u0629\",\"item\":\"https:\\\/\\\/dimarif.com\\\/?cat=1\",\"nextItem\":{\"@type\":\"ListItem\",\"@id\":\"https:\\\/\\\/dimarif.com\\\/?p=24420#listItem\",\"name\":\"Una turba apedrea y abuchea a un jud\\u00edo en Marruecos por su confesi\\u00f3n religiosa\"},\"previousItem\":{\"@type\":\"ListItem\",\"@id\":\"https:\\\/\\\/dimarif.com#listItem\",\"name\":\"Home\"}},{\"@type\":\"ListItem\",\"@id\":\"https:\\\/\\\/dimarif.com\\\/?p=24420#listItem\",\"position\":3,\"name\":\"Una turba apedrea y abuchea a un jud\\u00edo en Marruecos por su confesi\\u00f3n religiosa\",\"previousItem\":{\"@type\":\"ListItem\",\"@id\":\"https:\\\/\\\/dimarif.com\\\/?cat=1#listItem\",\"name\":\"\\u0645\\u062d\\u0644\\u064a\\u0629\"}}]},{\"@type\":\"Organization\",\"@id\":\"https:\\\/\\\/dimarif.com\\\/#organization\",\"description\":\"\\u0646\\u0628\\u0636 \\u0627\\u0644\\u062e\\u0628\\u0631... \\u0639\\u0644\\u0649 \\u0645\\u062f\\u0627\\u0631 \\u0627\\u0644\\u0633\\u0627\\u0639\\u0629\",\"url\":\"https:\\\/\\\/dimarif.com\\\/\",\"logo\":{\"@type\":\"ImageObject\",\"url\":\"https:\\\/\\\/dimarif.com\\\/wp-content\\\/uploads\\\/cropped-logod.png\",\"@id\":\"https:\\\/\\\/dimarif.com\\\/?p=24420\\\/#organizationLogo\",\"width\":1024,\"height\":602},\"image\":{\"@id\":\"https:\\\/\\\/dimarif.com\\\/?p=24420\\\/#organizationLogo\"}},{\"@type\":\"Person\",\"@id\":\"https:\\\/\\\/dimarif.com\\\/?author=2#author\",\"url\":\"https:\\\/\\\/dimarif.com\\\/?author=2\",\"name\":\"dimarif\",\"image\":{\"@type\":\"ImageObject\",\"@id\":\"https:\\\/\\\/dimarif.com\\\/?p=24420#authorImage\",\"url\":\"https:\\\/\\\/secure.gravatar.com\\\/avatar\\\/b94b9d9dfb927d60ca8559afb609b9c269b59ff1428857841f798ed9ae19857a?s=96&d=mm&r=g\",\"width\":96,\"height\":96,\"caption\":\"dimarif\"}},{\"@type\":\"WebPage\",\"@id\":\"https:\\\/\\\/dimarif.com\\\/?p=24420#webpage\",\"url\":\"https:\\\/\\\/dimarif.com\\\/?p=24420\",\"name\":\"Una turba apedrea y abuchea a un jud\\u00edo en Marruecos por su confesi\\u00f3n religiosa |\",\"inLanguage\":\"ar\",\"isPartOf\":{\"@id\":\"https:\\\/\\\/dimarif.com\\\/#website\"},\"breadcrumb\":{\"@id\":\"https:\\\/\\\/dimarif.com\\\/?p=24420#breadcrumblist\"},\"author\":{\"@id\":\"https:\\\/\\\/dimarif.com\\\/?author=2#author\"},\"creator\":{\"@id\":\"https:\\\/\\\/dimarif.com\\\/?author=2#author\"},\"image\":{\"@type\":\"ImageObject\",\"url\":\"https:\\\/\\\/dimarif.com\\\/wp-content\\\/uploads\\\/-000\\\/\\\/1\\\/WhatsApp-Image-2017-05-01-at-16.20.00.jpeg\",\"@id\":\"https:\\\/\\\/dimarif.com\\\/?p=24420\\\/#mainImage\",\"width\":1280,\"height\":960},\"primaryImageOfPage\":{\"@id\":\"https:\\\/\\\/dimarif.com\\\/?p=24420#mainImage\"},\"datePublished\":\"2017-05-03T21:49:16+03:00\",\"dateModified\":\"2017-05-03T21:49:16+03:00\"},{\"@type\":\"WebSite\",\"@id\":\"https:\\\/\\\/dimarif.com\\\/#website\",\"url\":\"https:\\\/\\\/dimarif.com\\\/\",\"description\":\"\\u0646\\u0628\\u0636 \\u0627\\u0644\\u062e\\u0628\\u0631... \\u0639\\u0644\\u0649 \\u0645\\u062f\\u0627\\u0631 \\u0627\\u0644\\u0633\\u0627\\u0639\\u0629\",\"inLanguage\":\"ar\",\"publisher\":{\"@id\":\"https:\\\/\\\/dimarif.com\\\/#organization\"}}]}\n\t\t<\/script>\n\t\t<!-- All in One SEO -->\n\n","aioseo_head_json":{"title":"Una turba apedrea y abuchea a un jud\u00edo en Marruecos por su confesi\u00f3n religiosa |","description":"","canonical_url":"https:\/\/dimarif.com\/?p=24420","robots":"max-image-preview:large","keywords":"","webmasterTools":{"miscellaneous":""},"schema":{"@context":"https:\/\/schema.org","@graph":[{"@type":"BlogPosting","@id":"https:\/\/dimarif.com\/?p=24420#blogposting","name":"Una turba apedrea y abuchea a un jud\u00edo en Marruecos por su confesi\u00f3n religiosa |","headline":"Una turba apedrea y abuchea a un jud\u00edo en Marruecos por su confesi\u00f3n religiosa","author":{"@id":"https:\/\/dimarif.com\/?author=2#author"},"publisher":{"@id":"https:\/\/dimarif.com\/#organization"},"image":{"@type":"ImageObject","url":"https:\/\/dimarif.com\/wp-content\/uploads\/-000\/\/1\/WhatsApp-Image-2017-05-01-at-16.20.00.jpeg","width":1280,"height":960},"datePublished":"2017-05-03T21:49:16+03:00","dateModified":"2017-05-03T21:49:16+03:00","inLanguage":"ar","mainEntityOfPage":{"@id":"https:\/\/dimarif.com\/?p=24420#webpage"},"isPartOf":{"@id":"https:\/\/dimarif.com\/?p=24420#webpage"},"articleSection":"\u0633\u064a\u0627\u0633\u064a\u0629, \u0645\u062d\u0644\u064a\u0629, \u0648\u0637\u0646\u064a\u0629"},{"@type":"BreadcrumbList","@id":"https:\/\/dimarif.com\/?p=24420#breadcrumblist","itemListElement":[{"@type":"ListItem","@id":"https:\/\/dimarif.com#listItem","position":1,"name":"Home","item":"https:\/\/dimarif.com","nextItem":{"@type":"ListItem","@id":"https:\/\/dimarif.com\/?cat=1#listItem","name":"\u0645\u062d\u0644\u064a\u0629"}},{"@type":"ListItem","@id":"https:\/\/dimarif.com\/?cat=1#listItem","position":2,"name":"\u0645\u062d\u0644\u064a\u0629","item":"https:\/\/dimarif.com\/?cat=1","nextItem":{"@type":"ListItem","@id":"https:\/\/dimarif.com\/?p=24420#listItem","name":"Una turba apedrea y abuchea a un jud\u00edo en Marruecos por su confesi\u00f3n religiosa"},"previousItem":{"@type":"ListItem","@id":"https:\/\/dimarif.com#listItem","name":"Home"}},{"@type":"ListItem","@id":"https:\/\/dimarif.com\/?p=24420#listItem","position":3,"name":"Una turba apedrea y abuchea a un jud\u00edo en Marruecos por su confesi\u00f3n religiosa","previousItem":{"@type":"ListItem","@id":"https:\/\/dimarif.com\/?cat=1#listItem","name":"\u0645\u062d\u0644\u064a\u0629"}}]},{"@type":"Organization","@id":"https:\/\/dimarif.com\/#organization","description":"\u0646\u0628\u0636 \u0627\u0644\u062e\u0628\u0631... \u0639\u0644\u0649 \u0645\u062f\u0627\u0631 \u0627\u0644\u0633\u0627\u0639\u0629","url":"https:\/\/dimarif.com\/","logo":{"@type":"ImageObject","url":"https:\/\/dimarif.com\/wp-content\/uploads\/cropped-logod.png","@id":"https:\/\/dimarif.com\/?p=24420\/#organizationLogo","width":1024,"height":602},"image":{"@id":"https:\/\/dimarif.com\/?p=24420\/#organizationLogo"}},{"@type":"Person","@id":"https:\/\/dimarif.com\/?author=2#author","url":"https:\/\/dimarif.com\/?author=2","name":"dimarif","image":{"@type":"ImageObject","@id":"https:\/\/dimarif.com\/?p=24420#authorImage","url":"https:\/\/secure.gravatar.com\/avatar\/b94b9d9dfb927d60ca8559afb609b9c269b59ff1428857841f798ed9ae19857a?s=96&d=mm&r=g","width":96,"height":96,"caption":"dimarif"}},{"@type":"WebPage","@id":"https:\/\/dimarif.com\/?p=24420#webpage","url":"https:\/\/dimarif.com\/?p=24420","name":"Una turba apedrea y abuchea a un jud\u00edo en Marruecos por su confesi\u00f3n religiosa |","inLanguage":"ar","isPartOf":{"@id":"https:\/\/dimarif.com\/#website"},"breadcrumb":{"@id":"https:\/\/dimarif.com\/?p=24420#breadcrumblist"},"author":{"@id":"https:\/\/dimarif.com\/?author=2#author"},"creator":{"@id":"https:\/\/dimarif.com\/?author=2#author"},"image":{"@type":"ImageObject","url":"https:\/\/dimarif.com\/wp-content\/uploads\/-000\/\/1\/WhatsApp-Image-2017-05-01-at-16.20.00.jpeg","@id":"https:\/\/dimarif.com\/?p=24420\/#mainImage","width":1280,"height":960},"primaryImageOfPage":{"@id":"https:\/\/dimarif.com\/?p=24420#mainImage"},"datePublished":"2017-05-03T21:49:16+03:00","dateModified":"2017-05-03T21:49:16+03:00"},{"@type":"WebSite","@id":"https:\/\/dimarif.com\/#website","url":"https:\/\/dimarif.com\/","description":"\u0646\u0628\u0636 \u0627\u0644\u062e\u0628\u0631... \u0639\u0644\u0649 \u0645\u062f\u0627\u0631 \u0627\u0644\u0633\u0627\u0639\u0629","inLanguage":"ar","publisher":{"@id":"https:\/\/dimarif.com\/#organization"}}]},"og:locale":"ar_AR","og:site_name":"| \u0646\u0628\u0636 \u0627\u0644\u062e\u0628\u0631... \u0639\u0644\u0649 \u0645\u062f\u0627\u0631 \u0627\u0644\u0633\u0627\u0639\u0629","og:type":"article","og:title":"Una turba apedrea y abuchea a un jud\u00edo en Marruecos por su confesi\u00f3n religiosa |","og:url":"https:\/\/dimarif.com\/?p=24420","og:image":"https:\/\/dimarif.com\/wp-content\/uploads\/-000\/\/1\/WhatsApp-Image-2017-05-01-at-16.20.00.jpeg","og:image:secure_url":"https:\/\/dimarif.com\/wp-content\/uploads\/-000\/\/1\/WhatsApp-Image-2017-05-01-at-16.20.00.jpeg","og:image:width":1280,"og:image:height":960,"article:published_time":"2017-05-03T18:49:16+00:00","article:modified_time":"2017-05-03T18:49:16+00:00","twitter:card":"summary","twitter:title":"Una turba apedrea y abuchea a un jud\u00edo en Marruecos por su confesi\u00f3n religiosa |","twitter:image":"https:\/\/dimarif.com\/wp-content\/uploads\/-000\/\/1\/WhatsApp-Image-2017-05-01-at-16.20.00.jpeg"},"aioseo_meta_data":{"post_id":"24420","title":null,"description":null,"keywords":null,"keyphrases":null,"canonical_url":null,"og_title":null,"og_description":null,"og_object_type":"default","og_image_type":"default","og_image_custom_url":null,"og_image_custom_fields":null,"og_custom_image_width":null,"og_custom_image_height":null,"og_video":null,"og_custom_url":null,"og_article_section":null,"og_article_tags":null,"twitter_use_og":false,"twitter_card":"default","twitter_image_type":"default","twitter_image_custom_url":null,"twitter_image_custom_fields":null,"twitter_title":null,"twitter_description":null,"schema_type":null,"schema_type_options":null,"pillar_content":false,"robots_default":true,"robots_noindex":false,"robots_noarchive":false,"robots_nosnippet":false,"robots_nofollow":false,"robots_noimageindex":false,"robots_noodp":false,"robots_notranslate":false,"robots_max_snippet":null,"robots_max_videopreview":null,"robots_max_imagepreview":"large","priority":null,"frequency":null,"location":null,"local_seo":null,"created":"2020-12-21 06:55:55","updated":"2026-08-03 11:14:43","primary_term":null,"og_image_url":null,"og_image_width":null,"og_image_height":null,"twitter_image_url":null,"schema":{"blockGraphs":[],"customGraphs":[],"default":{"data":{"Article":[],"Course":[],"Dataset":[],"FAQPage":[],"Movie":[],"Person":[],"Product":[],"ProductReview":[],"Car":[],"Recipe":[],"Service":[],"SoftwareApplication":[],"WebPage":[]},"graphName":"BlogPosting","isEnabled":true},"graphs":[]},"limit_modified_date":false,"ai":null,"breadcrumb_settings":null,"seo_analyzer_scan_date":null,"focus_keyword":null,"additional_keywords":null,"truseo_locale":null},"aioseo_breadcrumb":"<div class=\"aioseo-breadcrumbs\"><span class=\"aioseo-breadcrumb\">\n\t\t\t<a href=\"https:\/\/dimarif.com\" title=\"Home\">Home<\/a>\n\t\t<\/span><span class=\"aioseo-breadcrumb-separator\">&raquo;<\/span><span class=\"aioseo-breadcrumb\">\n\t\t\t<a href=\"https:\/\/dimarif.com\/?cat=1\" title=\"\u0645\u062d\u0644\u064a\u0629\">\u0645\u062d\u0644\u064a\u0629<\/a>\n\t\t<\/span><span class=\"aioseo-breadcrumb-separator\">&raquo;<\/span><span class=\"aioseo-breadcrumb\">\n\t\t\tUna turba apedrea y abuchea a un jud\u00edo en Marruecos por su confesi\u00f3n religiosa\n\t\t<\/span><\/div>","aioseo_breadcrumb_json":[{"label":"Home","link":"https:\/\/dimarif.com"},{"label":"\u0645\u062d\u0644\u064a\u0629","link":"https:\/\/dimarif.com\/?cat=1"},{"label":"Una turba apedrea y abuchea a un jud\u00edo en Marruecos por su confesi\u00f3n religiosa","link":"https:\/\/dimarif.com\/?p=24420"}],"_links":{"self":[{"href":"https:\/\/dimarif.com\/index.php?rest_route=\/wp\/v2\/posts\/24420","targetHints":{"allow":["GET"]}}],"collection":[{"href":"https:\/\/dimarif.com\/index.php?rest_route=\/wp\/v2\/posts"}],"about":[{"href":"https:\/\/dimarif.com\/index.php?rest_route=\/wp\/v2\/types\/post"}],"author":[{"embeddable":true,"href":"https:\/\/dimarif.com\/index.php?rest_route=\/wp\/v2\/users\/2"}],"replies":[{"embeddable":true,"href":"https:\/\/dimarif.com\/index.php?rest_route=%2Fwp%2Fv2%2Fcomments&post=24420"}],"version-history":[{"count":1,"href":"https:\/\/dimarif.com\/index.php?rest_route=\/wp\/v2\/posts\/24420\/revisions"}],"predecessor-version":[{"id":24422,"href":"https:\/\/dimarif.com\/index.php?rest_route=\/wp\/v2\/posts\/24420\/revisions\/24422"}],"wp:featuredmedia":[{"embeddable":true,"href":"https:\/\/dimarif.com\/index.php?rest_route=\/wp\/v2\/media\/24421"}],"wp:attachment":[{"href":"https:\/\/dimarif.com\/index.php?rest_route=%2Fwp%2Fv2%2Fmedia&parent=24420"}],"wp:term":[{"taxonomy":"category","embeddable":true,"href":"https:\/\/dimarif.com\/index.php?rest_route=%2Fwp%2Fv2%2Fcategories&post=24420"},{"taxonomy":"post_tag","embeddable":true,"href":"https:\/\/dimarif.com\/index.php?rest_route=%2Fwp%2Fv2%2Ftags&post=24420"}],"curies":[{"name":"wp","href":"https:\/\/api.w.org\/{rel}","templated":true}]}}